


{"id":3215,"date":"2021-03-08T15:00:00","date_gmt":"2021-03-08T14:00:00","guid":{"rendered":"https:\/\/www.studio-persevoir.com\/?post_type=actualite&#038;p=3215"},"modified":"2021-03-25T09:33:46","modified_gmt":"2021-03-25T08:33:46","slug":"winning-competition-for-the-military-air-base-of-evreux-eure-27","status":"publish","type":"actualite","link":"https:\/\/www.studio-persevoir.com\/en\/actualite\/winning-competition-for-the-military-air-base-of-evreux-eure-27\/","title":{"rendered":"WINNING COMPETITION FOR THE MILITARY AIR BASE OF EVREUX | EURE (27)"},"content":{"rendered":"\n<p>A project carried out in collaboration with the <a href=\"https:\/\/jf-schmit.fr\/\" target=\"_blank\" rel=\"noreferrer noopener\">Jean-Fran\u00e7ois Schmit Architects and Associates<\/a> agency and <a href=\"https:\/\/www.sogea-satom.com\/sogea-satom\/sogea-satomv2.nsf\/web\/index.htm&amp;lng=L2\" target=\"_blank\" rel=\"noreferrer noopener\">Sogea<\/a>.<\/p>\n\n\n\n<p>Imaging of a European military airbase.&nbsp;<\/p>\n\n\n\n<p>For this project, we were commissioned to produce numerous images, combining aerial views of the building&#8217;s exterior with interior views.&nbsp;<\/p>\n\n\n\n<p>The <a href=\"https:\/\/en.wikipedia.org\/wiki\/French_Air_and_Space_Force\" target=\"_blank\" rel=\"noreferrer noopener\">French Air Force<\/a> <a href=\"https:\/\/en.wikipedia.org\/wiki\/%C3%89vreux-Fauville_Air_Base\" target=\"_blank\" rel=\"noreferrer noopener\">Base 105 in Evreux<\/a> is located 7 kilometers east of the city in the department of <a href=\"https:\/\/en.wikipedia.org\/wiki\/Eure\" target=\"_blank\" rel=\"noreferrer noopener\">Eure<\/a>.<\/p>\n\n\n\n<p>The result of a Franco-European partnership, this air base consists of a logistics, command and operations building, as well as a maintenance center.&nbsp;<\/p>\n\n\n\n<p>Another building, the COMOPS, houses the base&#8217;s command and operations area.<\/p>\n\n\n\n<p>Outside of the logistics and command area, there is a rest and cohesion room, a meeting room and a training room.&nbsp;<\/p>\n\n\n\n<p>These spaces have been designed to improve the well-being and productivity of the soldiers.&nbsp;<\/p>\n\n\n\n<p>This is the first Franco-German maintenance center to be set up in France, and it will be able to accommodate the Franco-German <a href=\"https:\/\/en.wikipedia.org\/wiki\/Lockheed_Martin_C-130J_Super_Hercules\" target=\"_blank\" rel=\"noreferrer noopener\">C-130-J<\/a> air transport units.<\/p>\n\n\n\n<p><a href=\"https:\/\/www.studio-persevoir.com\/nos-projets\/#ba105-evreux-fauville\" target=\"_blank\" rel=\"noreferrer noopener\">See images of the project\u00a0<\/a><\/p>\n","protected":false},"featured_media":2296,"template":"","type-d-activite":[],"acf":[],"yoast_head":"<!-- This site is optimized with the Yoast SEO plugin v23.5 - https:\/\/yoast.com\/wordpress\/plugins\/seo\/ -->\n<title>WINNING COMPETITION FOR THE MILITARY AIR BASE OF EVREUX | EURE (27) - Studio Persevoir<\/title>\n<meta name=\"robots\" content=\"index, follow, max-snippet:-1, max-image-preview:large, max-video-preview:-1\" \/>\n<link rel=\"canonical\" href=\"https:\/\/www.studio-persevoir.com\/en\/actualite\/winning-competition-for-the-military-air-base-of-evreux-eure-27\/\" \/>\n<meta property=\"og:locale\" content=\"en_US\" \/>\n<meta property=\"og:type\" content=\"article\" \/>\n<meta property=\"og:title\" content=\"WINNING COMPETITION FOR THE MILITARY AIR BASE OF EVREUX | EURE (27) - Studio Persevoir\" \/>\n<meta property=\"og:description\" content=\"A project carried out in collaboration with the Jean-Fran\u00e7ois Schmit Architects and [&hellip;]\" \/>\n<meta property=\"og:url\" content=\"https:\/\/www.studio-persevoir.com\/en\/actualite\/winning-competition-for-the-military-air-base-of-evreux-eure-27\/\" \/>\n<meta property=\"og:site_name\" content=\"Studio Persevoir\" \/>\n<meta property=\"article:publisher\" content=\"https:\/\/www.facebook.com\/persevoir\" \/>\n<meta property=\"article:modified_time\" content=\"2021-03-25T08:33:46+00:00\" \/>\n<meta property=\"og:image\" content=\"https:\/\/www.studio-persevoir.com\/wp-content\/uploads\/2020\/06\/studio-3d-persevoir-ba105-evreux-fauville-c130j-poste-filtrage.jpg\" \/>\n\t<meta property=\"og:image:width\" content=\"1920\" \/>\n\t<meta property=\"og:image:height\" content=\"825\" \/>\n\t<meta property=\"og:image:type\" content=\"image\/jpeg\" \/>\n<meta name=\"twitter:card\" content=\"summary_large_image\" \/>\n<meta name=\"twitter:site\" content=\"@persevoir\" \/>\n<meta name=\"twitter:label1\" content=\"Est. reading time\" \/>\n\t<meta name=\"twitter:data1\" content=\"1 minute\" \/>\n<script type=\"application\/ld+json\" class=\"yoast-schema-graph\">{\"@context\":\"https:\/\/schema.org\",\"@graph\":[{\"@type\":\"WebPage\",\"@id\":\"https:\/\/www.studio-persevoir.com\/en\/actualite\/winning-competition-for-the-military-air-base-of-evreux-eure-27\/\",\"url\":\"https:\/\/www.studio-persevoir.com\/en\/actualite\/winning-competition-for-the-military-air-base-of-evreux-eure-27\/\",\"name\":\"WINNING COMPETITION FOR THE MILITARY AIR BASE OF EVREUX | EURE (27) - Studio Persevoir\",\"isPartOf\":{\"@id\":\"https:\/\/www.studio-persevoir.com\/en\/#website\"},\"primaryImageOfPage\":{\"@id\":\"https:\/\/www.studio-persevoir.com\/en\/actualite\/winning-competition-for-the-military-air-base-of-evreux-eure-27\/#primaryimage\"},\"image\":{\"@id\":\"https:\/\/www.studio-persevoir.com\/en\/actualite\/winning-competition-for-the-military-air-base-of-evreux-eure-27\/#primaryimage\"},\"thumbnailUrl\":\"https:\/\/www.studio-persevoir.com\/wp-content\/uploads\/2020\/06\/studio-3d-persevoir-ba105-evreux-fauville-c130j-poste-filtrage.jpg\",\"datePublished\":\"2021-03-08T14:00:00+00:00\",\"dateModified\":\"2021-03-25T08:33:46+00:00\",\"breadcrumb\":{\"@id\":\"https:\/\/www.studio-persevoir.com\/en\/actualite\/winning-competition-for-the-military-air-base-of-evreux-eure-27\/#breadcrumb\"},\"inLanguage\":\"en-US\",\"potentialAction\":[{\"@type\":\"ReadAction\",\"target\":[\"https:\/\/www.studio-persevoir.com\/en\/actualite\/winning-competition-for-the-military-air-base-of-evreux-eure-27\/\"]}]},{\"@type\":\"ImageObject\",\"inLanguage\":\"en-US\",\"@id\":\"https:\/\/www.studio-persevoir.com\/en\/actualite\/winning-competition-for-the-military-air-base-of-evreux-eure-27\/#primaryimage\",\"url\":\"https:\/\/www.studio-persevoir.com\/wp-content\/uploads\/2020\/06\/studio-3d-persevoir-ba105-evreux-fauville-c130j-poste-filtrage.jpg\",\"contentUrl\":\"https:\/\/www.studio-persevoir.com\/wp-content\/uploads\/2020\/06\/studio-3d-persevoir-ba105-evreux-fauville-c130j-poste-filtrage.jpg\",\"width\":1920,\"height\":825,\"caption\":\"image 3d du poste de filtrage du concours laur\u00e9at de l'accueil de l'unit\u00e9 de transport a\u00e9rien franco allemande c-130j d'Evreux Fauville. En collaboration avec Vinci Construction, Sogea Centre, GTM Normandie Centre, Jean Francois Schmit Architectes, Sogeti Ingenierie, Jaillet Rouby, Engie Axima, Eurovia Vinci, cabinet Merlin ing\u00e9nieurs conseils, Servicad\"},{\"@type\":\"BreadcrumbList\",\"@id\":\"https:\/\/www.studio-persevoir.com\/en\/actualite\/winning-competition-for-the-military-air-base-of-evreux-eure-27\/#breadcrumb\",\"itemListElement\":[{\"@type\":\"ListItem\",\"position\":1,\"name\":\"Accueil\",\"item\":\"https:\/\/www.studio-persevoir.com\/en\/\"},{\"@type\":\"ListItem\",\"position\":2,\"name\":\"Actualit\u00e9s\",\"item\":\"https:\/\/www.studio-persevoir.com\/en\/actualite\/\"},{\"@type\":\"ListItem\",\"position\":3,\"name\":\"WINNING COMPETITION FOR THE MILITARY AIR BASE OF EVREUX | EURE (27)\"}]},{\"@type\":\"WebSite\",\"@id\":\"https:\/\/www.studio-persevoir.com\/en\/#website\",\"url\":\"https:\/\/www.studio-persevoir.com\/en\/\",\"name\":\"Studio Persevoir\",\"description\":\"L&#039;\u00e9motion par la perception - studio 3D\",\"publisher\":{\"@id\":\"https:\/\/www.studio-persevoir.com\/en\/#organization\"},\"potentialAction\":[{\"@type\":\"SearchAction\",\"target\":{\"@type\":\"EntryPoint\",\"urlTemplate\":\"https:\/\/www.studio-persevoir.com\/en\/?s={search_term_string}\"},\"query-input\":{\"@type\":\"PropertyValueSpecification\",\"valueRequired\":true,\"valueName\":\"search_term_string\"}}],\"inLanguage\":\"en-US\"},{\"@type\":\"Organization\",\"@id\":\"https:\/\/www.studio-persevoir.com\/en\/#organization\",\"name\":\"Studio Persevoir\",\"url\":\"https:\/\/www.studio-persevoir.com\/en\/\",\"logo\":{\"@type\":\"ImageObject\",\"inLanguage\":\"en-US\",\"@id\":\"https:\/\/www.studio-persevoir.com\/en\/#\/schema\/logo\/image\/\",\"url\":\"https:\/\/www.studio-persevoir.com\/wp-content\/uploads\/2023\/10\/logo_studio_persevoir.png\",\"contentUrl\":\"https:\/\/www.studio-persevoir.com\/wp-content\/uploads\/2023\/10\/logo_studio_persevoir.png\",\"width\":639,\"height\":80,\"caption\":\"Studio Persevoir\"},\"image\":{\"@id\":\"https:\/\/www.studio-persevoir.com\/en\/#\/schema\/logo\/image\/\"},\"sameAs\":[\"https:\/\/www.facebook.com\/persevoir\",\"https:\/\/x.com\/persevoir\",\"https:\/\/www.instagram.com\/persevoir\/\",\"https:\/\/www.linkedin.com\/in\/studiopersevoir\/\"]}]}<\/script>\n<!-- \/ Yoast SEO plugin. -->","yoast_head_json":{"title":"WINNING COMPETITION FOR THE MILITARY AIR BASE OF EVREUX | EURE (27) - Studio Persevoir","robots":{"index":"index","follow":"follow","max-snippet":"max-snippet:-1","max-image-preview":"max-image-preview:large","max-video-preview":"max-video-preview:-1"},"canonical":"https:\/\/www.studio-persevoir.com\/en\/actualite\/winning-competition-for-the-military-air-base-of-evreux-eure-27\/","og_locale":"en_US","og_type":"article","og_title":"WINNING COMPETITION FOR THE MILITARY AIR BASE OF EVREUX | EURE (27) - Studio Persevoir","og_description":"A project carried out in collaboration with the Jean-Fran\u00e7ois Schmit Architects and [&hellip;]","og_url":"https:\/\/www.studio-persevoir.com\/en\/actualite\/winning-competition-for-the-military-air-base-of-evreux-eure-27\/","og_site_name":"Studio Persevoir","article_publisher":"https:\/\/www.facebook.com\/persevoir","article_modified_time":"2021-03-25T08:33:46+00:00","og_image":[{"width":1920,"height":825,"url":"https:\/\/www.studio-persevoir.com\/wp-content\/uploads\/2020\/06\/studio-3d-persevoir-ba105-evreux-fauville-c130j-poste-filtrage.jpg","type":"image\/jpeg"}],"twitter_card":"summary_large_image","twitter_site":"@persevoir","twitter_misc":{"Est. reading time":"1 minute"},"schema":{"@context":"https:\/\/schema.org","@graph":[{"@type":"WebPage","@id":"https:\/\/www.studio-persevoir.com\/en\/actualite\/winning-competition-for-the-military-air-base-of-evreux-eure-27\/","url":"https:\/\/www.studio-persevoir.com\/en\/actualite\/winning-competition-for-the-military-air-base-of-evreux-eure-27\/","name":"WINNING COMPETITION FOR THE MILITARY AIR BASE OF EVREUX | EURE (27) - Studio Persevoir","isPartOf":{"@id":"https:\/\/www.studio-persevoir.com\/en\/#website"},"primaryImageOfPage":{"@id":"https:\/\/www.studio-persevoir.com\/en\/actualite\/winning-competition-for-the-military-air-base-of-evreux-eure-27\/#primaryimage"},"image":{"@id":"https:\/\/www.studio-persevoir.com\/en\/actualite\/winning-competition-for-the-military-air-base-of-evreux-eure-27\/#primaryimage"},"thumbnailUrl":"https:\/\/www.studio-persevoir.com\/wp-content\/uploads\/2020\/06\/studio-3d-persevoir-ba105-evreux-fauville-c130j-poste-filtrage.jpg","datePublished":"2021-03-08T14:00:00+00:00","dateModified":"2021-03-25T08:33:46+00:00","breadcrumb":{"@id":"https:\/\/www.studio-persevoir.com\/en\/actualite\/winning-competition-for-the-military-air-base-of-evreux-eure-27\/#breadcrumb"},"inLanguage":"en-US","potentialAction":[{"@type":"ReadAction","target":["https:\/\/www.studio-persevoir.com\/en\/actualite\/winning-competition-for-the-military-air-base-of-evreux-eure-27\/"]}]},{"@type":"ImageObject","inLanguage":"en-US","@id":"https:\/\/www.studio-persevoir.com\/en\/actualite\/winning-competition-for-the-military-air-base-of-evreux-eure-27\/#primaryimage","url":"https:\/\/www.studio-persevoir.com\/wp-content\/uploads\/2020\/06\/studio-3d-persevoir-ba105-evreux-fauville-c130j-poste-filtrage.jpg","contentUrl":"https:\/\/www.studio-persevoir.com\/wp-content\/uploads\/2020\/06\/studio-3d-persevoir-ba105-evreux-fauville-c130j-poste-filtrage.jpg","width":1920,"height":825,"caption":"image 3d du poste de filtrage du concours laur\u00e9at de l'accueil de l'unit\u00e9 de transport a\u00e9rien franco allemande c-130j d'Evreux Fauville. En collaboration avec Vinci Construction, Sogea Centre, GTM Normandie Centre, Jean Francois Schmit Architectes, Sogeti Ingenierie, Jaillet Rouby, Engie Axima, Eurovia Vinci, cabinet Merlin ing\u00e9nieurs conseils, Servicad"},{"@type":"BreadcrumbList","@id":"https:\/\/www.studio-persevoir.com\/en\/actualite\/winning-competition-for-the-military-air-base-of-evreux-eure-27\/#breadcrumb","itemListElement":[{"@type":"ListItem","position":1,"name":"Accueil","item":"https:\/\/www.studio-persevoir.com\/en\/"},{"@type":"ListItem","position":2,"name":"Actualit\u00e9s","item":"https:\/\/www.studio-persevoir.com\/en\/actualite\/"},{"@type":"ListItem","position":3,"name":"WINNING COMPETITION FOR THE MILITARY AIR BASE OF EVREUX | EURE (27)"}]},{"@type":"WebSite","@id":"https:\/\/www.studio-persevoir.com\/en\/#website","url":"https:\/\/www.studio-persevoir.com\/en\/","name":"Studio Persevoir","description":"L&#039;\u00e9motion par la perception - studio 3D","publisher":{"@id":"https:\/\/www.studio-persevoir.com\/en\/#organization"},"potentialAction":[{"@type":"SearchAction","target":{"@type":"EntryPoint","urlTemplate":"https:\/\/www.studio-persevoir.com\/en\/?s={search_term_string}"},"query-input":{"@type":"PropertyValueSpecification","valueRequired":true,"valueName":"search_term_string"}}],"inLanguage":"en-US"},{"@type":"Organization","@id":"https:\/\/www.studio-persevoir.com\/en\/#organization","name":"Studio Persevoir","url":"https:\/\/www.studio-persevoir.com\/en\/","logo":{"@type":"ImageObject","inLanguage":"en-US","@id":"https:\/\/www.studio-persevoir.com\/en\/#\/schema\/logo\/image\/","url":"https:\/\/www.studio-persevoir.com\/wp-content\/uploads\/2023\/10\/logo_studio_persevoir.png","contentUrl":"https:\/\/www.studio-persevoir.com\/wp-content\/uploads\/2023\/10\/logo_studio_persevoir.png","width":639,"height":80,"caption":"Studio Persevoir"},"image":{"@id":"https:\/\/www.studio-persevoir.com\/en\/#\/schema\/logo\/image\/"},"sameAs":["https:\/\/www.facebook.com\/persevoir","https:\/\/x.com\/persevoir","https:\/\/www.instagram.com\/persevoir\/","https:\/\/www.linkedin.com\/in\/studiopersevoir\/"]}]}},"_links":{"self":[{"href":"https:\/\/www.studio-persevoir.com\/en\/wp-json\/wp\/v2\/actualite\/3215"}],"collection":[{"href":"https:\/\/www.studio-persevoir.com\/en\/wp-json\/wp\/v2\/actualite"}],"about":[{"href":"https:\/\/www.studio-persevoir.com\/en\/wp-json\/wp\/v2\/types\/actualite"}],"wp:featuredmedia":[{"embeddable":true,"href":"https:\/\/www.studio-persevoir.com\/en\/wp-json\/wp\/v2\/media\/2296"}],"wp:attachment":[{"href":"https:\/\/www.studio-persevoir.com\/en\/wp-json\/wp\/v2\/media?parent=3215"}],"wp:term":[{"taxonomy":"type-d-activite","embeddable":true,"href":"https:\/\/www.studio-persevoir.com\/en\/wp-json\/wp\/v2\/type-d-activite?post=3215"}],"curies":[{"name":"wp","href":"https:\/\/api.w.org\/{rel}","templated":true}]}}